{"id":147,"date":"2013-11-30T17:44:59","date_gmt":"2013-11-30T17:44:59","guid":{"rendered":"http:\/\/sundayscriptureonline.com\/?p=147"},"modified":"2013-11-30T17:44:59","modified_gmt":"2013-11-30T17:44:59","slug":"1-nollaig-2013-a-cead-domhnach-den-aidbhint","status":"publish","type":"post","link":"https:\/\/sundayscriptureonline.com\/?p=147","title":{"rendered":"1 Nollaig 2013 (A) C\u00e9ad Domhnach den Aidbhint"},"content":{"rendered":"<h3 style=\"text-align: justify;\">1 Nollaig 2013 (A) C\u00e9ad Domhnach den Aidbhint<\/h3>\n<h2>Freagra don Chreideamh leis an mB\u00edobla leis an Ath. M\u00e1irt\u00edn Mac Conmara, MSC<\/h2>\n<h2 style=\"text-align: justify;\">A. L\u00e9achta\u00ed an Domhnaigh mar threoir don Bheatha Chr\u00edosta\u00ed<\/h2>\n<h2 style=\"text-align: justify;\">B. An B\u00edobla in agallamh le ceisteanna an lae<\/h2>\n<h2 style=\"text-align: justify;\">B. An B\u00edobla: Machnamh agus agallamh le ceisteanna an lae: L\u00fach\u00e1ir na Aidbhinte. F\u00eds na hAidbhinte<\/h2>\n<h2 style=\"text-align: justify;\">A. L\u00e9achta\u00ed an Domhnaigh mar threoir don Bheatha Chr\u00edosta\u00ed<\/h2>\n<h2 style=\"text-align: justify;\">An Ch\u00e9ad L\u00e9acht (\u00cdse\u00e1ia 2:1-5).<\/h2>\n<p style=\"text-align: justify;\">Bail\u00edonn an Tiarna na cin\u00edocha uile le ch\u00e9ile i s\u00edoch\u00e1in sh\u00edora\u00ed r\u00edocht D\u00e9. T\u00e1 an s\u00e9ad seo tairngreachta le f\u00e1il beagnach focal ar fhocal i leabhar an fhaidh M\u00edoc\u00e1 (4:1-4). N\u00edl aon mh\u00edni\u00fa cinnte ar an ghaol idir an d\u00e1 th\u00e9acs seo: an bhfuil ceann acu i dtuilleama\u00ed an chinn eile n\u00f3 an bhfuilid araon i dtuilleamai tairngreachta eile neamhsple\u00e1ch. Cuirtear an sliocht as \u00cdse\u00e1ia i l\u00e1thair mar th\u00fas ar bhaili\u00fach\u00e1n tairngreachta\u00ed an fh\u00e1idh ar I\u00fada agus Iar\u00fasail\u00e9im. T\u00e1 an tairngreacht seo 2:1-5 saini\u00fail i leabhar an fh\u00e1idh \u00cdse\u00e1ia, agus go deimhin san Seantiomna ina ioml\u00e1n, b\u00edodh go bhfuil l\u00e9argus uil\u00edoch ag na Sailm faoi R\u00edocht an Tiarna. Ba chuid de ghn\u00e1th-bheatha stair Iosrael an cogadh, agus de ghn\u00e1th cuirtear na \u201cn\u00e1isi\u00fain\u201d (phag\u00e1nacha) i l\u00e1thair sa Bh\u00edobla mar naimhde Iosrael. Is f\u00eds faoin todhcha\u00ed an tairngreacht seo, gan sprioc-dh\u00e1ta curtha maidir lena comhl\u00edonadh. Sa Mhe\u00e1n-Oirthear ba ghn\u00e1th \u00e1it ch\u00f3naithe na nd\u00e9ithe ba th\u00e1bhachta\u00ed a shamhl\u00fa i sl\u00e9ibhte arda. Ag teacht leis an traidisi\u00fan seo deireann an t\u00e9acs go mbeidh sliabh an Teampaill (\u00e1ras Dhia Iosrael ar talamh) n\u00edos airde f\u00e9in. Maidir&nbsp; leis na n\u00e1isi\u00fain (phag\u00e1nacha) de, i dt\u00e9acsanna an tSeantioma at\u00e1 f\u00e1bharach d\u00f3ibh, deirtear go mbeidh siad ar thuras go hIar\u00fasail\u00e9im ag iompar bronnntanas \u2013 mar chomhartha&nbsp; om\u00f3is d\u2019Iosrael. Anseo feictear iad ag teacht chuig Iar\u00fasail\u00e9im, go Dia Iosrael, le eolas a fh\u00e1il ar a thoil d\u00f3ibh.&nbsp; D\u00e1 bharr sin feictear toil agus aigne fhoilsithe D\u00e9 (dl\u00ed D\u00e9 agus Briathar f\u00e1igi\u00fail an Tiarna) ag dul \u00f3 Iar\u00fasail\u00e9im, \u00f3 Shi\u00f3n, amach go dt\u00ed an domhan m\u00f3r. Agus t\u00e1 toradh f\u00f3nta air sin go l\u00e9ir: beidh smacht ag Dia ar na cin\u00edocha agus cuirfear deireadh le ullmh\u00fa chun cogaidh. De uirlis\u00ed cogaidh (claimhte, sle\u00e1nna)&nbsp; d\u00e9anfar uirlis\u00ed talmha\u00edochta (soic ch\u00e9achta, corr\u00e1in).&nbsp; R\u00e9 sh\u00edoch\u00e1na a bheidh ann.&nbsp; Seo f\u00eds ina fheictear na cin\u00edocha ag si\u00fal i solas an Tiarna agus glaotar ar&nbsp; phobal D\u00e9 f\u00e9in, Iosrael, an rud c\u00e9anna&nbsp; a dh\u00e9anamh.&nbsp; &nbsp;<br \/>Bh\u00ed tionchar sontasach ag an bhf\u00eds tairngreachta seo ar ch\u00farsa\u00ed creidimh agus polait\u00edochta. Ba thoil le h\u00cdosa go leathn\u00f3dh craobhscaoileadh an tsoisc\u00e9il \u00f3 Iarusail\u00e9im, amach go himeall an domhain (Gn\u00edomhthartha 1:8). \u00c1bhar inspior\u00e1ide f\u00eds \u00cdse\u00e1ia do lucht polait\u00edochta chomh maith. \u00d3n iliomad sampla\u00ed de seo n\u00ed g\u00e1 ach ceann amh\u00e1in a lua. I gairdin\u00ed na N\u00e1isi\u00fan Aontaithe i Nua Eabhrach t\u00e1 dealbh cr\u00e9 uamha&nbsp; (leis an ealant\u00f3ir Egeniy Vuchetich) le figi\u00far fir agus cas\u00far i l\u00e1mh amh\u00e1in aige agus sa l\u00e1mh eile cla\u00edomh lena bhfuil s\u00e9 ag&nbsp; d\u00e9anamh soc c\u00e9achta as. Bronnadh an dealbh seo ar na Naisi\u00fain Aontaithe ag&nbsp; Aontacht na Soibh\u00e9ide sa bhliain 1959. T\u00e1 f\u00eds sin \u00cdse\u00e1ia ag spreagadh daoine i gc\u00f3na\u00ed le chr\u00edoch a chur&nbsp; ar uirlis\u00ed cogaidh agus an ts\u00edoch\u00e1in a chur chun cinn.<\/p>\n<h2 style=\"text-align: justify;\">Salm le Freagra (Salm 122[123]). Rinne m\u00e9 gairdeas nuair a d\u00faradh liom: \u201cT\u00e9imis i dteach an Tiarna\u201d.<\/h2>\n<h2 style=\"text-align: justify;\">An Dara L\u00e9acht (R\u00f3mh\u00e1naigh 13:11-14).<\/h2>\n<p style=\"text-align: justify;\">Is gar d\u00fainn \u00e1r sl\u00e1n\u00fa.&nbsp; I dt\u00fas an tsleachta seo, sa t\u00e9acs bunaidh Gr\u00e9igise, d\u2019fh\u00e9adfadh s\u00e9 go bhfuil tagairt sna briathra \u201dnuair a thuigeann sibh\u201d don m\u00e9id at\u00e1 scr\u00edofa ag P\u00f3l in aitheasc spreagtha d\u00edreach roimhe seo (caibidil 12-13):&nbsp; F\u00edoradhradh D\u00e9, baill den aon chorp amh\u00e1in, gr\u00e1 br\u00e1thar, g\u00e9illeadh don \u00fadar\u00e1s saolta, agus d\u00edreach roimh an sliocht seo: an gr\u00e1 mar chomhl\u00edonadh an dl\u00ed. Baineann seo go l\u00e9ir le saol na gcreidmheach ar an saol seo. Leanann P\u00f3l ar aghaidh sa l\u00e9acht seo ag caint ar an \u201cuair\u201d (kairos) (uair na cinni\u00fana). Is \u00e9 an \u201cuair\u201d at\u00e1 i gceist n\u00e1 r\u00e9 eascatal\u00f3igeach na Laethanta Deiridh, a tugadh isteach le b\u00e1s agus ais\u00e9ir\u00ed Chr\u00edost, sin go deireadh an tsaoil. Ionann \u201can uair\u201d sin agus tr\u00e1th ioml\u00e1n an heaglaise ar talamh. Cuireann P\u00f3l s\u00edos ar an saol (pag\u00e1nach) do Chr\u00edosta\u00edthe roimh bhaisteadh d\u00f3ibh mar an o\u00edche&nbsp; (dorchadas) agus an saol nua Cr\u00edosta\u00ed acu mar sholas, an l\u00e1. Sa chumann soisialta pag\u00e1nach d\u2019fh\u00e9adfadh an o\u00edche a bheith mar shiombal don ragairne agus don drabhl\u00e1s. Ionann maireacht\u00e1il sa l\u00e1 agus drom l\u00e1imhe a thabhairt don na cleachta\u00ed a dtugtar sampla\u00ed d\u00edobh sa l\u00e9acht seo. I sl\u00ed,&nbsp; t\u00e1 cogadh le fearadh ag creidmhigh, cogadh le fearadh le \u00e9idi cogaidh an tsolais, ar a dtigann P\u00f3l i litreacha eile na s\u00fa\u00e1ilci diaga, creideamh, d\u00f3chas agus gr\u00e1. In iomar an bhaiste bhain na nua-Chr\u00edosta\u00edthe d\u00edobh a sean-\u00e9ada\u00ed, agus ag teacht amach d\u00f3ibh cuireadar orthu feina gcuid&nbsp; \u00e9id\u00ed f\u00e9in. Molann P\u00f3l d\u00f3ibh Cr\u00edost f\u00e9in a chur orthu f\u00e9in mar \u00e9id\u00ed, is \u00e9 sin le r\u00e1 bheith aontaithe go cro\u00ed leis.<\/p>\n<h2 style=\"text-align: justify;\">An Soisc\u00e9al (Matha 24:37-44).<\/h2>\n<p style=\"text-align: justify;\">B\u00edg\u00ed ag faire chun go mbeidh sibh ullamh. Sa v\u00e9arsa d\u00edreach roimh an ceann seo d\u00fairt \u00cdosa nach fios d\u2019aoinne, an Mac san \u00e1ireamh, ach don Athair amh\u00e1in mar gheall ar an l\u00e1 n\u00f3 an uair a thiocfaidh deireadh an tsaoil. Gairm at\u00e1 sa sliocht seo bheith reidh don l\u00e1 sin, do Ateacht, T\u00e9arnamh, Mhac an Duine. L\u00e9ir\u00edotar an teagasc le sampla\u00ed \u00f3n mB\u00edobla agus \u00f3 ghn\u00e1th-shaol na haimsirr sin.<\/p>\n<h2 style=\"text-align: justify;\">B. An B\u00edobla: Machnamh agus agallamh le ceisteanna an lae:&nbsp; L\u00fach\u00e1ir na Aidbhinte. F\u00eds na hAidbhinte.<\/h2>\n<p style=\"text-align: justify;\">I machnamh d\u00e1 chuid do ch\u00e9ad Dhomhnach na hAidbhinte meabhragh an P\u00e1pa Benedict XVI go dtosa\u00edonn bliain nua liotuirgeach&nbsp; leis an Domhnnach seo. Tosa\u00edonn pobal D\u00e9 an athuair ar an mb\u00f3thar le r\u00fandiamhair Chr\u00edost sa stair a mhaireacht\u00e1il. Ionann Cr\u00edost inn\u00e9, inniu agus i gc\u00f3na\u00ed. Ach athra\u00edonn an stair de sh\u00edor agus t\u00e1 g\u00e1 aici i gc\u00f3na\u00ed le soisceal\u00fa, le teachtaireacht an tsoisc\u00e9il a thabhairt di. T\u00e1 g\u00e1 ag an stair le hathnuachtaint \u00f3n taobh istigh agus is \u00e9 Cr\u00edost an t-aon fh\u00edor-\u00faire. Is eisean comhl\u00edonadh na staire agus todhcha\u00ed solasmhar an chine dhaonna agus an domhain. Is \u00ed an Aidbhint, mar sin, an tr\u00e1th f\u00e1bharach, uair na cinni\u00fana, le d\u00faiseacht in\u00e1r gcro\u00edthe agus s\u00fail a bheith againn d\u00f3-sin \u201cat\u00e1, a bh\u00ed, agus at\u00e1 le teacht\u201d.<\/p>\n<p style=\"text-align: justify;\">T\u00e9ann an m\u00e9id sin go l\u00e9ir l\u00e9achta\u00ed an lae inniu. Mionlach i saol dhomhan na R\u00f3imhe na Cr\u00edosta\u00edthe at scr\u00edobh P\u00f3l chucu, ach le buanseasmhacht chuaigh f\u00eds an fh\u00e1idh i bhfeidhm ar shaol an chreidimh agus na poilit\u00edochta.&nbsp;&nbsp; &nbsp;<\/p>\n<p style=\"text-align: justify;\">Rud eile nach dochar machnamh a dh\u00e9anamh air: gairm seo na hgCriostaithe don domhan n\u00ed ualach ach c\u00fais l\u00fach\u00e1ire \u00ed. Brontannas \u00f3 Chriost d\u00e1 lucht lean\u00fana&nbsp; an l\u00fach\u00e1ir, an t-\u00e1thas (feach ar Eoin 15:11; 16:22-24; 17:13).&nbsp; C\u00fais mhachnaimh \u00ed seo don Adbhint.<\/p>\n","protected":false},"excerpt":{"rendered":"<p>1 Nollaig 2013 (A) C\u00e9ad Domhnach den Aidbhint Freagra don Chreideamh leis an mB\u00edobla leis an Ath. M\u00e1irt\u00edn Mac Conmara, MSC A. L\u00e9achta\u00ed an Domhnaigh mar threoir don Bheatha Chr\u00edosta\u00ed &hellip; <\/p>\n","protected":false},"author":2,"featured_media":0,"comment_status":"open","ping_status":"closed","sticky":false,"template":"","format":"standard","meta":{"footnotes":""},"categories":[3],"tags":[],"class_list":["post-147","post","type-post","status-publish","format-standard","hentry","category-sunday-readings"],"_links":{"self":[{"href":"https:\/\/sundayscriptureonline.com\/index.php?rest_route=\/wp\/v2\/posts\/147","targetHints":{"allow":["GET"]}}],"collection":[{"href":"https:\/\/sundayscriptureonline.com\/index.php?rest_route=\/wp\/v2\/posts"}],"about":[{"href":"https:\/\/sundayscriptureonline.com\/index.php?rest_route=\/wp\/v2\/types\/post"}],"author":[{"embeddable":true,"href":"https:\/\/sundayscriptureonline.com\/index.php?rest_route=\/wp\/v2\/users\/2"}],"replies":[{"embeddable":true,"href":"https:\/\/sundayscriptureonline.com\/index.php?rest_route=%2Fwp%2Fv2%2Fcomments&post=147"}],"version-history":[{"count":0,"href":"https:\/\/sundayscriptureonline.com\/index.php?rest_route=\/wp\/v2\/posts\/147\/revisions"}],"wp:attachment":[{"href":"https:\/\/sundayscriptureonline.com\/index.php?rest_route=%2Fwp%2Fv2%2Fmedia&parent=147"}],"wp:term":[{"taxonomy":"category","embeddable":true,"href":"https:\/\/sundayscriptureonline.com\/index.php?rest_route=%2Fwp%2Fv2%2Fcategories&post=147"},{"taxonomy":"post_tag","embeddable":true,"href":"https:\/\/sundayscriptureonline.com\/index.php?rest_route=%2Fwp%2Fv2%2Ftags&post=147"}],"curies":[{"name":"wp","href":"https:\/\/api.w.org\/{rel}","templated":true}]}}