{"id":2057,"date":"2023-03-20T15:30:58","date_gmt":"2023-03-20T15:30:58","guid":{"rendered":"https:\/\/sundayscriptureonline.com\/?p=2057"},"modified":"2022-12-07T15:41:13","modified_gmt":"2022-12-07T15:41:13","slug":"26-marta-2022-a-an-ceathru-domhnach-den-charghas","status":"publish","type":"post","link":"https:\/\/sundayscriptureonline.com\/?p=2057","title":{"rendered":"26 M\u00e1rta 2022 (A) An Ceathr\u00fa Domhnach den Charghas"},"content":{"rendered":"<p style=\"text-align: justify;\"><span style=\"color: black;\">26 M\u00e1rta 2022 (A) An Ceathr\u00fa Domhnach den Charghas<\/span><\/p>\n<p style=\"text-align: justify;\"><span style=\"color: black;\">Freagra don Chreideamh leis an mB\u00edobla<\/span><\/p>\n<p style=\"text-align: justify;\"><span style=\"color: black;\">leis an Ath. M\u00e1irt\u00edn Mac Conmara, MSC<\/span><\/p>\n<ol>\n<li style=\"list-style-type: upper-alpha;\"><span style=\"color: black;\">L\u00e9achta\u00ed an Domhnaigh mar Threoir don Bheatha Chr\u00edosta\u00ed<\/span><\/li>\n<li style=\"list-style-type: upper-alpha;\"><span style=\"color: black;\">An B\u00edobla in Agallamh le Ceisteanna an Lae: <i>\u00cdosa agus an Eaglais solas an tsaoil<\/i><\/span><\/li>\n<li style=\"list-style-type: upper-alpha;\"><span style=\"color: black;\">L\u00e9achta\u00ed an Domhnaigh mar Threoir don Bheatha Chr\u00edosta\u00ed<\/span><\/li>\n<\/ol>\n<p style=\"text-align: justify;\"><i><span style=\"color: black;\">C\u00e9ad L\u00e9acht<\/span><\/i><span style=\"color: black;\"> (1 Samu\u00e9l 16:1, 6-7, 10-13). <i>Ungtar D\u00e1iv\u00ed ina r\u00ed ar Iosrael<\/i>. Cuireann an l\u00e9acht seo s\u00edos ar faoi mar ar roghnaigh Dia an t-\u00f3g\u00e1nach D\u00e1iv\u00ed, mac Iese, mar r\u00ed. Sheol s\u00e9 an f\u00e1idh Samu\u00e9l leis an \u00f3g\u00e1nach D\u00e1iv\u00ed a ungadh. Is \u00f3n bhfocal Eabhraise sin \u201cungadh\u201d, <i>maiseach,<\/i> trid an Ghr\u00e9igis a thagann an focal Cr\u00edost (\u201cungtha\u201d) agus an ainmfhocal Meisias. Le briathar \u00f3 Dhia bh\u00ed S\u00f3l ungtha cheana ag Samu\u00e9l ar Iosrael an Tuaiscirt, ach theip air mar r\u00ed agus bh\u00ed s\u00e9 curtha i leataobh ag Dia. Leagann an sliocht seo b\u00e9im gur thr\u00ed shaor-dheon\u00fa D\u00e9 a rogna\u00edodh D\u00e1iv\u00ed mar r\u00ed anois, n\u00ed de bharr a thr\u00e9ithe f\u00e9in. N\u00ed raibh san ungadh seo ach gn\u00edomh samhaltach, nach mbeidh feidhm leis ach n\u00edos d\u00e9ana\u00ed. Chaith D\u00e1ivi seal in arm Sh\u00f3il, sul ar thogh treabh I\u00fada \u00e9 mar r\u00ed ar I\u00fada. I ndiaidh bh\u00e1s Sh\u00f3il toghadh mar r\u00ed ar I\u00fada agus Iosrael an Tuaiscirt \u00e9, agus rinne Dia conradh leis go mbeadh a r\u00edtheaghlach buan go deo. creideamh agus d\u00f3chas as ar fh\u00e1s an Meisiasachas a chomhl\u00edon Cr\u00edost. Ungadh sin Dh\u00e1ivi an t-\u00f3g\u00e1nach ag an bhf\u00e1idh Samu\u00e9l, chuir s\u00e9 t\u00fas leis an ghluaiseacht sin faoi Dh\u00e1iv\u00ed agus Mhac Dh\u00e1iv\u00ed go bhfuil tagairt ann i soisc\u00e9al an lae inniu ag \u00cdosa Mac an Duine, a thug radharc don dall.<\/span><\/p>\n<p style=\"text-align: justify;\"><i><span style=\"color: black;\">Salm le Freagra <\/span><\/i><span style=\"color: black;\">(Salm 22[23]).<i> Is \u00e9 an Tiarna m\u2019aoire, n\u00ed bheidh aon n\u00ed de dh\u00edth orm<\/i>.<\/span><\/p>\n<p style=\"text-align: justify;\"><i><span style=\"color: black;\">Dara L\u00e9acht<\/span><\/i><span style=\"color: black;\"> (Eifisigh 5:8-12). <i>\u00c9irigh \u00f3na mairbh agus soilseoidh Cr\u00edost th\u00fa<\/i>. D\u00fairt \u00cdosa lena dheisceabail gurb solas an domhain agus salann na tal\u00fan iad. Th\u00f3g an eaglais \u00f3g briathra seo Chr\u00edost go d\u00e1ir\u00edre, mar is l\u00e9ir \u00f3 litreacha Ph\u00f3il agus \u00f3 scr\u00edbhinni eile an Tiomna Nua. Bh\u00ed teachtaireacht seo Chr\u00edost le craobhscaoileadh i dteagasc agus i gcleachtadh na hEaglaise. F\u00e9achadh ar an bpag\u00e1ntacht agus a bhain lena cuid teagaisc agus cleachtaidh mar dhorchadas. Cuireadh sin in i\u00fal i ndeasghn\u00e1th an bhaiste: aistri\u00fa \u00f3 dhorchadas na pag\u00e1ntachta go solas an tsoisceil a bh\u00ed ann, n\u00f3, bhf\u00e9idir, ba chirte a r\u00e1 gur aont\u00fa le Cr\u00edost, an bheatha agus an solas, ab ea \u00e9. Bh\u00ed an bheatha nua sin le l\u00e9iri\u00fa don saol, don domhan, le beatha de r\u00e9ir an tsoisc\u00e9il, ag tabhairt toraidh i ngach cine\u00e1l maitheasa agus fir\u00e9antachta agus f\u00edrinne. Bheadh teagasc n\u00edos beaichte n\u00e1 sin acu, ar nd\u00f3igh, ar na su\u00e1\u00edlc\u00ed le cleachtadh agus na du\u00e1ilc\u00ed le seachaint. Leagtar b\u00e9im ar thr\u00e9dhearcacht sa saol poibl\u00ed agus san eaglais\u2014le eolas a bheith ag Cr\u00edostaithe ar dhorchadas agus peaca\u00ed sa saol. Tugann lonradh an tsoisc\u00e9il chun solais iad \u2013 rud is f\u00edor ar nd\u00f3igh faoi pheaca\u00ed agus mh\u00e1chail san eaglais f\u00e9in. Ag deireadh na l\u00e9achta t\u00e1 rann, n\u00f3 leath-rann, a t\u00f3gadh is docha as sean-iomann Cr\u00edosta\u00ed nach ann d\u00f3 a thuilleadh, a ghlaonn ar chodlat\u00e1n, duine ina chodladh n\u00f3 ina leath-chodladh, \u00e9ir\u00ed \u00f3 staid ar a dtugtar an b\u00e1s air, b\u00e1s an pheaca, n\u00f3 dorchadas an d\u00ed-chreidimh, go soilsi\u00fa \u00f3 Chr\u00edost.<\/span><\/p>\n<p style=\"text-align: justify;\"><i><span style=\"color: black;\">An Soisc\u00e9al <\/span><\/i><span style=\"color: black;\">(Eoin 9:1-41). <i>D\u2019imigh s\u00e9, n\u00edgh s\u00e9 \u00e9 f\u00e9in agus d\u2019fhill agus a radharc aige<\/i>. L\u00e9acht an-fhada at\u00e1 i soisc\u00e9al an lae inniu, ina bhfuil eachtra\u00ed difri\u00fala. T\u00e1 siad nascaithe le ch\u00e9ile leis an t\u00e9ama l\u00e1ir gurb sholas an domhain \u00e9 \u00cdosa. Is n\u00f3s le Eoin t\u00e9ama creidimh a nascadh le eachtra \u00e9igin: an Domhnach seo caite an t-uisce beo a thugann \u00cdosa leis an Sam\u00e1ireach mn\u00e1 agus an tobar; an Domhnach seo an dall \u00f3n mbroinn agus \u00cdosa mar sholas. In aimsir Chr\u00edost (agus f\u00f3s inniu b\u2019fh\u00e9idir) i meon daoine conacthas nasc idir m\u00e1chail coirp agus peaca, sa ch\u00e1s seo peaca na dtuismitheoir\u00ed n\u00f3 peaca an linbh f\u00e9in sa bhroinn. S\u00e9anann \u00cdosa gurb amhlaidh a bh\u00ed, ach le gl\u00f3ir D\u00e9 a l\u00e9iri\u00fa tr\u00edd an mhior\u00failt a bh\u00edothas le d\u00e9anamh. Gan coinne, tugann \u00cdosa t\u00e9ama na leachta isteach: \u00e9 f\u00e9in mar sholas an tsaoil. Measadh an uair sin gur raibh tr\u00e9ithe leighis sa seile, agus smear \u00cdosa seile agus l\u00e1ib ar sh\u00faile an daill, gan \u00e9 a leigheas, agus d\u00fairt leis an dall dul go dt\u00ed Linn iomr\u00e1iteach in Iar\u00fasail\u00e9im go raibh an t-ainm Siol\u00f3m, air, ainm ar bhr\u00ed leis san Airimis agus san Eabhrais \u201cSeolta\u201d, \u201ccurtha amach\u201d, \u00e1it ar leigheasadh an dall. D\u00e9antar an ceangal sin anseo mar ba \u00e9 \u00cdosa an \u201cSiol\u00f3m\u201d ceart, an T\u00e9 a bh\u00ed seolta amach \u00f3n Athair. Tar \u00e9is gur leigheasadh an dall lean ceisteana faoi chonas a tharla an leigheas, ar dt\u00fas idir na comharsana, ansin i measc na bhFairis\u00edneach toisc gur ar an Sab\u00f3id a rinneadh an leigheas, rud a bh\u00ed in \u00e9adan Dl\u00ed Mhaois dar leo. Bh\u00ed an dall a leigheasadh ag tabhairt fianaise i dtaobh \u00cdosa, gur cara le Dia agus f\u00e1idh a bh\u00ed ann. Ansin glaonn na \u201cGi\u00fadaigh\u201d, na h\u00fadar\u00e1is Ghi\u00fadacha, ar thuismitheoir\u00ed an daill a leigheasadh le fios f\u00e1tha an leighis a fh\u00e1il, \u00e1it a bhfuil tagairt do chinneadh na nGi\u00fadach d\u00e9anta cheana f\u00e9in aoinne a admh\u00f3dh gurb \u00e9 \u00cdosa an Cr\u00edost a dh\u00edbirt as an tsionag\u00f3g. Tagairt at\u00e1 anseo, is d\u00f3cha, do dh\u00edbirt Chr\u00edostaithe as an tsionag\u00f3g a tharla n\u00edos d\u00e9ana\u00ed sa stair, tar \u00e9is threascairt Iar\u00fasail\u00e9im. Glaodar ar an duine a rugadh dall \u00e9 f\u00e9in, a thug fianaise do \u00cdosa mar chara D\u00e9 agus chaitheadar amach \u00e9. Chuala \u00cdosa sin agus bhuail s\u00e9 leis agus chuir ceist air ar chreid s\u00e9 i Mac an Duine agus chuir s\u00e9 \u00e9 f\u00e9in in aithne mar Mhac an Duine. Chreid an t\u00e9 a rugadh dall in \u00cdosa agus rinne om\u00f3s d\u00f3. T\u00e1 cr\u00edoch ag an l\u00e9acht mar ar thosaigh s\u00e9, \u00cdosa \u00e1 r\u00e1 gur th\u00e1inig s\u00e9 le breithi\u00fanas a thabhairt ar an saol seo, i dtreo go bhfeicfeadh an dream nach bhfeiceann.<\/span><\/p>\n<ol>\n<li style=\"list-style-type: upper-alpha;\"><b><i><span style=\"color: black;\">An B\u00edobla in Agallamh le Ceisteanna an Lae<\/span><\/i><\/b><span style=\"color: black;\">. <i>\u00cdosa agus an Eaglais solas an tsaoil.<\/i><\/span><\/li>\n<\/ol>\n<p style=\"text-align: justify;\"><span style=\"color: black;\">T\u00e1 tr\u00ed phointe soil\u00e9ir ag eascair as liot\u00fairge agus l\u00e9achta\u00ed an lae inniu a thugann \u00e1bhar saibhir machnaimh agus agallaimh d\u00fainn. <\/span><\/p>\n<p style=\"text-align: justify;\"><span style=\"color: black;\">\u00a0\u00a0\u00a0\u00a0\u00a0\u00a0\u00a0\u00a0\u00a0\u00a0\u00a0 <\/span><span style=\"font-size: 11pt; color: black;\">An ch\u00e9ad cheann n\u00e1 gurb \u00e9 solas an tsaoil \u00e9 \u00cdosa. Is chuige sin a seoladh isteach sa saol \u00e9 \u00f3n Athair. Eisean an T\u00e9 a seoladh. \u201can Seolta\u201d, <i>Sil\u00f3m<\/i>, a leigheasann an dall. Th\u00e1inig s\u00e9 le go mbeadh radharc ghl\u00f3ir an Athar ag an domhan. T\u00e1 sin sol\u00e9ir \u00f3 shoisc\u00e9al an lae inniu, agus \u00f3na l\u00e1n \u00e1iteanna eile sa Tiomna Nua. Is cuid l\u00e1rnach de theachtaireacht an Tiomna Nua \u00e9.<\/span><\/p>\n<p style=\"text-align: justify;\"><span style=\"font-size: 11pt; color: black;\">An dara pointe n\u00e1 nach do bheatha \u00cdosa ar talamh amh\u00e1in an m\u00e9id sin. Roghnaigh s\u00e9 aspail and deisceabail le go mbeadh an dea-sc\u00e9al sin \u00e1 fh\u00f3gairt go cr\u00edocha deiridh an domhain go deireadh an tsaoil. Solas an domhain agus salann na tal\u00fan iad lucht lean\u00fana \u00cdosa. Sin mar a thuig, agus mar a chraobhscaoil, an Eaglais \u00f3 th\u00fas an soisc\u00e9al. Is r\u00fandiamhair an tsl\u00e1naithe \u00ed an eaglais ina teagasc agus i mbeatha na bhf\u00edr\u00e9an.<\/span><\/p>\n<p style=\"text-align: justify;\"><span style=\"font-size: 11pt; color: black;\">Tugann sin go dt\u00ed an tr\u00ed\u00fa pointe sinn: agallamh ag an eaglais lei f\u00e9in agus le saol an lae inniu. N\u00ed m\u00f3r don eaglais \u00ed f\u00e9in a leas\u00fa de sh\u00edor leis an toradh a thabhairt a thugann an solas uaidh, gach cine\u00e1l maitheasa agus f\u00edreantachta agus f\u00edrinne. <\/span><span style=\"font-size: 11pt; color: black;\">Go minic inniu nuair a labhartar faoi leas\u00fa na heaglaise is iad \u201cna struct\u00fair\u201d at\u00e1 i gceist, go m\u00f3r m\u00f3r sa Vatac\u00e1in, an \u201ccuria\u201d ach go h\u00e1irithe. B\u00edodh go bhfuil t\u00e1bhacht leis sin, n\u00ed h\u00e9 sin an leas\u00fa go pr\u00e1omha at\u00e1 i gceist, ach athr\u00fa i meon agus chleachtadh na bhf\u00edr\u00e9an le go mbeidis de r\u00e9ir an tsoisc\u00e9il, le fianaise a thabhairt do \u00cdosa. Pointe eile san agallamh seo n\u00e1 go bhfeiceann roinnt mhaith daoine inniu ar an rud a dtugann creidmhigh \u201csolas\u201d air mar dhorchadas, sheanaimsearthacht.<\/span><\/p>\n","protected":false},"excerpt":{"rendered":"<p>26 M\u00e1rta 2022 (A) An Ceathr\u00fa Domhnach den Charghas Freagra don Chreideamh leis an mB\u00edobla leis an Ath. M\u00e1irt\u00edn Mac Conmara, MSC L\u00e9achta\u00ed an Domhnaigh mar Threoir don Bheatha Chr\u00edosta\u00ed &hellip; <\/p>\n","protected":false},"author":2,"featured_media":0,"comment_status":"open","ping_status":"closed","sticky":false,"template":"","format":"standard","meta":{"footnotes":""},"categories":[3],"tags":[],"class_list":["post-2057","post","type-post","status-publish","format-standard","hentry","category-sunday-readings"],"_links":{"self":[{"href":"https:\/\/sundayscriptureonline.com\/index.php?rest_route=\/wp\/v2\/posts\/2057","targetHints":{"allow":["GET"]}}],"collection":[{"href":"https:\/\/sundayscriptureonline.com\/index.php?rest_route=\/wp\/v2\/posts"}],"about":[{"href":"https:\/\/sundayscriptureonline.com\/index.php?rest_route=\/wp\/v2\/types\/post"}],"author":[{"embeddable":true,"href":"https:\/\/sundayscriptureonline.com\/index.php?rest_route=\/wp\/v2\/users\/2"}],"replies":[{"embeddable":true,"href":"https:\/\/sundayscriptureonline.com\/index.php?rest_route=%2Fwp%2Fv2%2Fcomments&post=2057"}],"version-history":[{"count":1,"href":"https:\/\/sundayscriptureonline.com\/index.php?rest_route=\/wp\/v2\/posts\/2057\/revisions"}],"predecessor-version":[{"id":2080,"href":"https:\/\/sundayscriptureonline.com\/index.php?rest_route=\/wp\/v2\/posts\/2057\/revisions\/2080"}],"wp:attachment":[{"href":"https:\/\/sundayscriptureonline.com\/index.php?rest_route=%2Fwp%2Fv2%2Fmedia&parent=2057"}],"wp:term":[{"taxonomy":"category","embeddable":true,"href":"https:\/\/sundayscriptureonline.com\/index.php?rest_route=%2Fwp%2Fv2%2Fcategories&post=2057"},{"taxonomy":"post_tag","embeddable":true,"href":"https:\/\/sundayscriptureonline.com\/index.php?rest_route=%2Fwp%2Fv2%2Ftags&post=2057"}],"curies":[{"name":"wp","href":"https:\/\/api.w.org\/{rel}","templated":true}]}}